{"id":51463,"global_id":"www.icpa-gz.org.py\/DE?id=51463","global_id_lineage":["www.icpa-gz.org.py\/DE?id=51463"],"author":"1","status":"publish","date":"2026-08-18 15:54:48","date_utc":"2026-08-18 18:54:48","modified":"2026-08-18 15:54:48","modified_utc":"2026-08-18 18:54:48","url":"https:\/\/www.icpa-gz.org.py\/DE\/evento\/zweis-zu-eins-deutschland-europaische-filmreihe-2026-2-10\/","rest_url":"https:\/\/www.icpa-gz.org.py\/DE\/wp-json\/tribe\/events\/v1\/events\/51463","title":"\u201eZweis zu Eins&#8221; (Deutschland) | Europ\u00e4ische Filmreihe 2026 2\/10","description":"<p>In diesem Monat findet in Asunci\u00f3n die 17. Ausgabe des Europ\u00e4ischen Filmfestivals statt!<\/p>\n<p>Die Filme stammen aus: Deutschland, Frankreich, der Tschechischen Republik, der Slowakei, Frankreich, den Niederlanden, D\u00e4nemark, Belgien, Spanien, Italien und Schweden. Zehn Filme, die Sie begeistern werden.<\/p>\n<p>Alle Vorf\u00fchrungen sind frei zug\u00e4nglich und kostenlos, eine vorherige Reservierung ist nicht erforderlich, solange Platz in den S\u00e4len vorhanden ist.<br \/>\nVom 19. August bis zum 4. September<\/p>\n<p>Vorf\u00fchrungen an verschiedenen Veranstaltungsorten: <a href=\"https:\/\/www.instagram.com\/cinevillamorra\"><span class=\"html-span xdj266r x14z9mp xat24cr x1lziwak xexx8yu xyri2b x18d9i69 x1c1uobl x1hl2dhg x16tdsg8 x1vvkbs\"><span class=\"xt0psk2\"><span class=\"xjp7ctv\">Cine Villamorra<\/span><\/span><\/span><\/a>\u00a0,\u00a0<a href=\"https:\/\/www.instagram.com\/icpa_gz\">Instituto Cultural Paraguayo-Alem\u00e1n \u2013 Goethe-Zentrum<\/a>\u00a0y el\u00a0<a href=\"https:\/\/www.instagram.com\/cceasuncion\"><span class=\"html-span xdj266r x14z9mp xat24cr x1lziwak xexx8yu xyri2b x18d9i69 x1c1uobl x1hl2dhg x16tdsg8 x1vvkbs\"><span class=\"xt0psk2\"><span class=\"xjp7ctv\">Centro Cultural de Espa\u00f1a en Asunci\u00f3n<\/span><\/span><\/span><\/a>\u00a0.<\/p>\n<p>Weitere Informationen unter:<\/p>\n<div dir=\"auto\"><a href=\"https:\/\/link.europa.eu\/J9FBvp\">\u00a0<span class=\"html-span xdj266r x14z9mp xat24cr x1lziwak xexx8yu xyri2b x18d9i69 x1c1uobl x1hl2dhg x16tdsg8 x1vvkbs\">https:\/\/link.europa.eu\/J9FBvp<\/span>\u00a0<\/a><\/div>\n<div dir=\"auto\"><a href=\"https:\/\/www.facebook.com\/UnionEuropeaenParaguay\">@UnionEuropeaenParaguay| Facebook\u00a0<\/a><\/div>\n<div dir=\"auto\"><a href=\"https:\/\/www.instagram.com\/ueenparaguay\/\">@ueenparaguay | Instagram\u00a0<\/a><\/div>","excerpt":"","slug":"zweis-zu-eins-deutschland-europaische-filmreihe-2026-2-10","image":{"url":"https:\/\/www.icpa-gz.org.py\/DE\/wp-content\/uploads\/2026\/08\/Opera-Captura-de-pantalla_2026-08-17_182401_www.facebook.com_.png","id":51470,"extension":"png","width":428,"height":469,"filesize":101362,"sizes":{"medium":{"width":274,"height":300,"mime-type":"image\/png","filesize":48686,"url":"https:\/\/www.icpa-gz.org.py\/DE\/wp-content\/uploads\/2026\/08\/Opera-Captura-de-pantalla_2026-08-17_182401_www.facebook.com_-274x300.png"},"thumbnail":{"width":150,"height":150,"mime-type":"image\/png","filesize":19594,"url":"https:\/\/www.icpa-gz.org.py\/DE\/wp-content\/uploads\/2026\/08\/Opera-Captura-de-pantalla_2026-08-17_182401_www.facebook.com_-150x150.png"},"colormag-highlighted-post":{"width":392,"height":272,"mime-type":"image\/png","filesize":72679,"url":"https:\/\/www.icpa-gz.org.py\/DE\/wp-content\/uploads\/2026\/08\/Opera-Captura-de-pantalla_2026-08-17_182401_www.facebook.com_-392x272.png"},"colormag-featured-post-medium":{"width":390,"height":205,"mime-type":"image\/png","filesize":67368,"url":"https:\/\/www.icpa-gz.org.py\/DE\/wp-content\/uploads\/2026\/08\/Opera-Captura-de-pantalla_2026-08-17_182401_www.facebook.com_-390x205.png"},"colormag-featured-post-small":{"width":130,"height":90,"mime-type":"image\/png","filesize":13544,"url":"https:\/\/www.icpa-gz.org.py\/DE\/wp-content\/uploads\/2026\/08\/Opera-Captura-de-pantalla_2026-08-17_182401_www.facebook.com_-130x90.png"},"colormag-featured-image":{"width":428,"height":445,"mime-type":"image\/png","filesize":93248,"url":"https:\/\/www.icpa-gz.org.py\/DE\/wp-content\/uploads\/2026\/08\/Opera-Captura-de-pantalla_2026-08-17_182401_www.facebook.com_-428x445.png"},"colormag-default-news":{"width":150,"height":150,"mime-type":"image\/png","filesize":19594,"url":"https:\/\/www.icpa-gz.org.py\/DE\/wp-content\/uploads\/2026\/08\/Opera-Captura-de-pantalla_2026-08-17_182401_www.facebook.com_-150x150.png"},"colormag-elementor-grid-large-thumbnail":{"width":428,"height":417,"mime-type":"image\/png","filesize":91950,"url":"https:\/\/www.icpa-gz.org.py\/DE\/wp-content\/uploads\/2026\/08\/Opera-Captura-de-pantalla_2026-08-17_182401_www.facebook.com_-428x417.png"},"colormag-elementor-grid-small-thumbnail":{"width":285,"height":450,"mime-type":"image\/png","filesize":70879,"url":"https:\/\/www.icpa-gz.org.py\/DE\/wp-content\/uploads\/2026\/08\/Opera-Captura-de-pantalla_2026-08-17_182401_www.facebook.com_-285x450.png"},"colormag-elementor-grid-medium-large-thumbnail":{"width":428,"height":198,"mime-type":"image\/png","filesize":76153,"url":"https:\/\/www.icpa-gz.org.py\/DE\/wp-content\/uploads\/2026\/08\/Opera-Captura-de-pantalla_2026-08-17_182401_www.facebook.com_-428x198.png"}}},"all_day":false,"start_date":"2026-08-21 19:30:00","start_date_details":{"year":"2026","month":"08","day":"21","hour":"19","minutes":"30","seconds":"00"},"end_date":"2026-08-21 21:00:00","end_date_details":{"year":"2026","month":"08","day":"21","hour":"21","minutes":"00","seconds":"00"},"utc_start_date":"2026-08-21 22:30:00","utc_start_date_details":{"year":"2026","month":"08","day":"21","hour":"22","minutes":"30","seconds":"00"},"utc_end_date":"2026-08-22 00:00:00","utc_end_date_details":{"year":"2026","month":"08","day":"22","hour":"00","minutes":"00","seconds":"00"},"timezone":"America\/Asuncion","timezone_abbr":"AMT","cost":"Gratuito","cost_details":{"currency_symbol":"Gs","currency_code":"PYG","currency_position":"prefix","values":["0"]},"website":"https:\/\/link.europa.eu\/J9FBvp","show_map":true,"show_map_link":true,"hide_from_listings":false,"sticky":false,"featured":false,"categories":[{"name":"Europ\u00e4isches Filmfestival in Paraguay","slug":"europaisches-filmfestival-in-paraguay","term_group":0,"term_taxonomy_id":73,"taxonomy":"tribe_events_cat","description":"","parent":0,"count":44,"filter":"raw","id":73,"urls":{"self":"https:\/\/www.icpa-gz.org.py\/DE\/wp-json\/tribe\/events\/v1\/categories\/73","collection":"https:\/\/www.icpa-gz.org.py\/DE\/wp-json\/tribe\/events\/v1\/categories"}},{"name":"Filmtheater","slug":"filmtheater","term_group":0,"term_taxonomy_id":39,"taxonomy":"tribe_events_cat","description":"","parent":0,"count":186,"filter":"raw","id":39,"urls":{"self":"https:\/\/www.icpa-gz.org.py\/DE\/wp-json\/tribe\/events\/v1\/categories\/39","collection":"https:\/\/www.icpa-gz.org.py\/DE\/wp-json\/tribe\/events\/v1\/categories"}},{"name":"gef\u00f6rdert vom ICPA-GZ","slug":"gefordert-vom-icpa-gz","term_group":0,"term_taxonomy_id":49,"taxonomy":"tribe_events_cat","description":"","parent":0,"count":558,"filter":"raw","id":49,"urls":{"self":"https:\/\/www.icpa-gz.org.py\/DE\/wp-json\/tribe\/events\/v1\/categories\/49","collection":"https:\/\/www.icpa-gz.org.py\/DE\/wp-json\/tribe\/events\/v1\/categories"}},{"name":"Kultur","slug":"kultur","term_group":0,"term_taxonomy_id":50,"taxonomy":"tribe_events_cat","description":"","parent":0,"count":811,"filter":"raw","id":50,"urls":{"self":"https:\/\/www.icpa-gz.org.py\/DE\/wp-json\/tribe\/events\/v1\/categories\/50","collection":"https:\/\/www.icpa-gz.org.py\/DE\/wp-json\/tribe\/events\/v1\/categories"}},{"name":"Kunst","slug":"kunst","term_group":0,"term_taxonomy_id":51,"taxonomy":"tribe_events_cat","description":"","parent":0,"count":703,"filter":"raw","id":51,"urls":{"self":"https:\/\/www.icpa-gz.org.py\/DE\/wp-json\/tribe\/events\/v1\/categories\/51","collection":"https:\/\/www.icpa-gz.org.py\/DE\/wp-json\/tribe\/events\/v1\/categories"}},{"name":"Pr\u00e4senzveranstaltung","slug":"prasenzveranstaltung","term_group":0,"term_taxonomy_id":77,"taxonomy":"tribe_events_cat","description":"","parent":0,"count":1041,"filter":"raw","id":77,"urls":{"self":"https:\/\/www.icpa-gz.org.py\/DE\/wp-json\/tribe\/events\/v1\/categories\/77","collection":"https:\/\/www.icpa-gz.org.py\/DE\/wp-json\/tribe\/events\/v1\/categories"}}],"tags":[],"venue":{"id":4298,"author":"1","status":"publish","date":"2022-06-02 12:50:18","date_utc":"2022-06-02 16:50:18","modified":"2022-11-16 16:13:23","modified_utc":"2022-11-16 20:13:23","url":"https:\/\/www.icpa-gz.org.py\/DE\/lugar\/sala-rolando-rasmussen-instituto-cultural-paraguayo-aleman-goethe-zentrum-icpa-gz\/","venue":"Sal\u00f3n Rolando Rasmussen des Instituto Cultural Paraguayo-Alem\u00e1n &#8211; Goethe-Zentrum | ICPA-GZ","slug":"sala-rolando-rasmussen-instituto-cultural-paraguayo-aleman-goethe-zentrum-icpa-gz","address":"Juan de Salazar 310 c\/ Artigas Barrio Ricardo Brugada","city":"Asunci\u00f3n","country":"Paraguay","province":"Distrito Capital","phone":"+595 (21) 20 90 60","website":"https:\/\/www.icpa-gz.org.py\/DE","stateprovince":"Distrito Capital","json_ld":{"@type":"Place","name":"Sal\u00f3n Rolando Rasmussen des Instituto Cultural Paraguayo-Alem\u00e1n &#8211; Goethe-Zentrum | ICPA-GZ","description":"","url":"","address":{"@type":"PostalAddress","streetAddress":"Juan de Salazar 310 c\/ Artigas Barrio Ricardo Brugada","addressLocality":"Asunci\u00f3n","addressRegion":"Distrito Capital","addressCountry":"Paraguay"},"telephone":"+595 (21) 20 90 60","sameAs":"https:\/\/www.icpa-gz.org.py\/DE"},"show_map":true,"show_map_link":true,"global_id":"www.icpa-gz.org.py\/DE?id=4298","global_id_lineage":["www.icpa-gz.org.py\/DE?id=4298"]},"organizer":[{"id":7026,"author":"1","status":"publish","date":"2023-05-10 15:15:15","date_utc":"2023-05-10 19:15:15","modified":"2023-10-05 15:43:36","modified_utc":"2023-10-05 18:43:36","url":"https:\/\/www.icpa-gz.org.py\/DE\/organizador\/europaische-union-in-paraguay\/","organizer":"Delegation der Europ\u00e4ischen Union | Paraguay","slug":"europaische-union-in-paraguay","website":"https:\/\/ueconparaguay.org","json_ld":{"@type":"Person","name":"Delegation der Europ\u00e4ischen Union | Paraguay","description":"","url":"https:\/\/ueconparaguay.org","telephone":"","email":"","sameAs":"https:\/\/ueconparaguay.org"},"global_id":"www.icpa-gz.org.py\/DE?id=7026","global_id_lineage":["www.icpa-gz.org.py\/DE?id=7026"]}],"custom_fields":[],"json_ld":{"@context":"http:\/\/schema.org","@type":"Event","name":"\u201eZweis zu Eins&#8221; (Deutschland) | Europ\u00e4ische Filmreihe 2026 2\/10","description":"&lt;p&gt;In diesem Monat findet in Asunci\u00f3n die 17. Ausgabe des Europ\u00e4ischen Filmfestivals statt! Die Filme stammen aus: Deutschland, Frankreich, der&lt;\/p&gt;\\n","image":"https:\/\/www.icpa-gz.org.py\/DE\/wp-content\/uploads\/2026\/08\/Opera-Captura-de-pantalla_2026-08-17_182401_www.facebook.com_.png","url":"https:\/\/www.icpa-gz.org.py\/DE\/evento\/zweis-zu-eins-deutschland-europaische-filmreihe-2026-2-10\/","eventAttendanceMode":"https:\/\/schema.org\/OfflineEventAttendanceMode","eventStatus":"https:\/\/schema.org\/EventScheduled","startDate":"2026-08-21T19:30:00-03:00","endDate":"2026-08-21T21:00:00-03:00","location":{"@type":"Place","name":"Sal\u00f3n Rolando Rasmussen des Instituto Cultural Paraguayo-Alem\u00e1n &#8211; Goethe-Zentrum | ICPA-GZ","description":"","url":"","address":{"@type":"PostalAddress","streetAddress":"Juan de Salazar 310 c\/ Artigas Barrio Ricardo Brugada","addressLocality":"Asunci\u00f3n","addressRegion":"Distrito Capital","addressCountry":"Paraguay"},"telephone":"+595 (21) 20 90 60","sameAs":"https:\/\/www.icpa-gz.org.py\/DE"},"organizer":{"@type":"Person","name":"Delegation der Europ\u00e4ischen Union | Paraguay","description":"","url":"https:\/\/ueconparaguay.org","telephone":"","email":"","sameAs":"https:\/\/ueconparaguay.org"},"offers":{"@type":"Offer","price":"0","priceCurrency":"PYG","url":"https:\/\/www.icpa-gz.org.py\/DE\/evento\/zweis-zu-eins-deutschland-europaische-filmreihe-2026-2-10\/","category":"primary","availability":"inStock","validFrom":"1970-01-01T00:00:00+00:00"},"performer":"Organization"}}