{"id":48238,"global_id":"www.icpa-gz.org.py\/DE?id=48238","global_id_lineage":["www.icpa-gz.org.py\/DE?id=48238"],"author":"1","status":"publish","date":"2026-04-30 19:45:24","date_utc":"2026-04-30 22:45:24","modified":"2026-04-30 19:45:24","modified_utc":"2026-04-30 22:45:24","url":"https:\/\/www.icpa-gz.org.py\/DE\/evento\/workshop-fur-illustrierte-kinderbucher-ameli-schneider-1-4-3\/","rest_url":"https:\/\/www.icpa-gz.org.py\/DE\/wp-json\/tribe\/events\/v1\/events\/48238","title":"Workshop f\u00fcr illustrierte Kinderb\u00fccher | Amel\u00ed Schneider 1\/4","description":"<p>Wir laden Sie zum Workshop \u201eIllustriertes Buch\u201d ein, der von Amel\u00ed Schneider geleitet wird. Es wird ein Ort sein, an dem kreative Werkzeuge ausgetauscht werden und man die Welt der Kinderb\u00fccher von innen erleben kann.<\/p>\n<p>Uhrzeit: donnerstags von 18:00 bis 20:00 Uhr.<br \/>\nKosten: 350.000 Gs. pro Monat.<\/p>\n<p>Ort: ICPA-GZ.<br \/>\nJuan de Salazar 310 esq. Artigas.<\/p>\n<p><a href=\"http:\/\/wa.me\/595981436561\">Informationen und Anmeldungen unter +595981436561.<\/a><\/p>","excerpt":"","slug":"workshop-fur-illustrierte-kinderbucher-ameli-schneider-1-4-3","image":{"url":"https:\/\/www.icpa-gz.org.py\/DE\/wp-content\/uploads\/2026\/04\/Taller-Ameli-2.png","id":48245,"extension":"png","width":560,"height":645,"filesize":319411,"sizes":{"medium":{"width":260,"height":300,"mime-type":"image\/png","filesize":82135,"url":"https:\/\/www.icpa-gz.org.py\/DE\/wp-content\/uploads\/2026\/04\/Taller-Ameli-2-260x300.png"},"thumbnail":{"width":150,"height":150,"mime-type":"image\/png","filesize":28848,"url":"https:\/\/www.icpa-gz.org.py\/DE\/wp-content\/uploads\/2026\/04\/Taller-Ameli-2-150x150.png"},"colormag-highlighted-post":{"width":392,"height":272,"mime-type":"image\/png","filesize":112267,"url":"https:\/\/www.icpa-gz.org.py\/DE\/wp-content\/uploads\/2026\/04\/Taller-Ameli-2-392x272.png"},"colormag-featured-post-medium":{"width":390,"height":205,"mime-type":"image\/png","filesize":89029,"url":"https:\/\/www.icpa-gz.org.py\/DE\/wp-content\/uploads\/2026\/04\/Taller-Ameli-2-390x205.png"},"colormag-featured-post-small":{"width":130,"height":90,"mime-type":"image\/png","filesize":16512,"url":"https:\/\/www.icpa-gz.org.py\/DE\/wp-content\/uploads\/2026\/04\/Taller-Ameli-2-130x90.png"},"colormag-featured-image":{"width":560,"height":445,"mime-type":"image\/png","filesize":231948,"url":"https:\/\/www.icpa-gz.org.py\/DE\/wp-content\/uploads\/2026\/04\/Taller-Ameli-2-560x445.png"},"colormag-default-news":{"width":150,"height":150,"mime-type":"image\/png","filesize":28848,"url":"https:\/\/www.icpa-gz.org.py\/DE\/wp-content\/uploads\/2026\/04\/Taller-Ameli-2-150x150.png"},"colormag-featured-image-large":{"width":560,"height":600,"mime-type":"image\/png","filesize":309057,"url":"https:\/\/www.icpa-gz.org.py\/DE\/wp-content\/uploads\/2026\/04\/Taller-Ameli-2-560x600.png"},"colormag-elementor-block-extra-large-thumbnail":{"width":560,"height":480,"mime-type":"image\/png","filesize":238643,"url":"https:\/\/www.icpa-gz.org.py\/DE\/wp-content\/uploads\/2026\/04\/Taller-Ameli-2-560x480.png"},"colormag-elementor-grid-large-thumbnail":{"width":560,"height":417,"mime-type":"image\/png","filesize":222876,"url":"https:\/\/www.icpa-gz.org.py\/DE\/wp-content\/uploads\/2026\/04\/Taller-Ameli-2-560x417.png"},"colormag-elementor-grid-small-thumbnail":{"width":285,"height":450,"mime-type":"image\/png","filesize":144058,"url":"https:\/\/www.icpa-gz.org.py\/DE\/wp-content\/uploads\/2026\/04\/Taller-Ameli-2-285x450.png"},"colormag-elementor-grid-medium-large-thumbnail":{"width":560,"height":198,"mime-type":"image\/png","filesize":114401,"url":"https:\/\/www.icpa-gz.org.py\/DE\/wp-content\/uploads\/2026\/04\/Taller-Ameli-2-560x198.png"}}},"all_day":false,"start_date":"2026-05-07 18:00:00","start_date_details":{"year":"2026","month":"05","day":"07","hour":"18","minutes":"00","seconds":"00"},"end_date":"2026-05-07 20:00:00","end_date_details":{"year":"2026","month":"05","day":"07","hour":"20","minutes":"00","seconds":"00"},"utc_start_date":"2026-05-07 21:00:00","utc_start_date_details":{"year":"2026","month":"05","day":"07","hour":"21","minutes":"00","seconds":"00"},"utc_end_date":"2026-05-07 23:00:00","utc_end_date_details":{"year":"2026","month":"05","day":"07","hour":"23","minutes":"00","seconds":"00"},"timezone":"America\/Asuncion","timezone_abbr":"AMT","cost":"Gs350.000","cost_details":{"currency_symbol":"Gs","currency_code":"PYG","currency_position":"prefix","values":["350.000"]},"website":"","show_map":true,"show_map_link":true,"hide_from_listings":false,"sticky":false,"featured":false,"categories":[{"name":"Bibliothek","slug":"bibliothek","term_group":0,"term_taxonomy_id":36,"taxonomy":"tribe_events_cat","description":"","parent":0,"count":261,"filter":"raw","id":36,"urls":{"self":"https:\/\/www.icpa-gz.org.py\/DE\/wp-json\/tribe\/events\/v1\/categories\/36","collection":"https:\/\/www.icpa-gz.org.py\/DE\/wp-json\/tribe\/events\/v1\/categories"}},{"name":"Kultur","slug":"kultur","term_group":0,"term_taxonomy_id":50,"taxonomy":"tribe_events_cat","description":"","parent":0,"count":656,"filter":"raw","id":50,"urls":{"self":"https:\/\/www.icpa-gz.org.py\/DE\/wp-json\/tribe\/events\/v1\/categories\/50","collection":"https:\/\/www.icpa-gz.org.py\/DE\/wp-json\/tribe\/events\/v1\/categories"}},{"name":"Kunst","slug":"kunst","term_group":0,"term_taxonomy_id":51,"taxonomy":"tribe_events_cat","description":"","parent":0,"count":581,"filter":"raw","id":51,"urls":{"self":"https:\/\/www.icpa-gz.org.py\/DE\/wp-json\/tribe\/events\/v1\/categories\/51","collection":"https:\/\/www.icpa-gz.org.py\/DE\/wp-json\/tribe\/events\/v1\/categories"}},{"name":"Pr\u00e4senzveranstaltung","slug":"prasenzveranstaltung","term_group":0,"term_taxonomy_id":77,"taxonomy":"tribe_events_cat","description":"","parent":0,"count":883,"filter":"raw","id":77,"urls":{"self":"https:\/\/www.icpa-gz.org.py\/DE\/wp-json\/tribe\/events\/v1\/categories\/77","collection":"https:\/\/www.icpa-gz.org.py\/DE\/wp-json\/tribe\/events\/v1\/categories"}},{"name":"Workshop","slug":"workshop","term_group":0,"term_taxonomy_id":34,"taxonomy":"tribe_events_cat","description":"","parent":0,"count":590,"filter":"raw","id":34,"urls":{"self":"https:\/\/www.icpa-gz.org.py\/DE\/wp-json\/tribe\/events\/v1\/categories\/34","collection":"https:\/\/www.icpa-gz.org.py\/DE\/wp-json\/tribe\/events\/v1\/categories"}}],"tags":[],"venue":{"id":3828,"author":"1","status":"publish","date":"2022-03-29 14:48:05","date_utc":"2022-03-29 17:48:05","modified":"2022-03-29 14:50:27","modified_utc":"2022-03-29 17:50:27","url":"https:\/\/www.icpa-gz.org.py\/DE\/lugar\/biblioteca-ulrich-schmidl-de-icpa-gz\/","venue":"Bibliothek Ulrich Schmidl des Instituto Cultural Paraguayo-Alem\u00e1n &#8211; Goethe-Zentrum | ICPA-GZ","slug":"biblioteca-ulrich-schmidl-de-icpa-gz","address":"Juan de Salazar 310 c\/ Artigas","city":"Asunci\u00f3n","country":"Paraguay","province":"Distrito Capital","phone":"+595 21 22 44 55","website":"https:\/\/www.icpa-gz.org.py\/DE\/","stateprovince":"Distrito Capital","json_ld":{"@type":"Place","name":"Bibliothek Ulrich Schmidl des Instituto Cultural Paraguayo-Alem\u00e1n &#8211; Goethe-Zentrum | ICPA-GZ","description":"","url":"","address":{"@type":"PostalAddress","streetAddress":"Juan de Salazar 310 c\/ Artigas","addressLocality":"Asunci\u00f3n","addressRegion":"Distrito Capital","addressCountry":"Paraguay"},"telephone":"+595 21 22 44 55","sameAs":"https:\/\/www.icpa-gz.org.py\/DE\/"},"show_map":true,"show_map_link":true,"global_id":"www.icpa-gz.org.py\/DE?id=3828","global_id_lineage":["www.icpa-gz.org.py\/DE?id=3828"]},"organizer":[{"id":46760,"author":"1","status":"publish","date":"2026-02-05 15:55:17","date_utc":"2026-02-05 18:55:17","modified":"2026-02-05 15:55:17","modified_utc":"2026-02-05 18:55:17","url":"https:\/\/www.icpa-gz.org.py\/DE\/organizador\/ameli-schneider\/","organizer":"Amel\u00ed Schneider","slug":"ameli-schneider","website":"https:\/\/www.instagram.com\/lei.editorial","json_ld":{"@type":"Person","name":"Amel\u00ed Schneider","description":"","url":"https:\/\/www.instagram.com\/lei.editorial","telephone":"","email":"","sameAs":"https:\/\/www.instagram.com\/lei.editorial"},"global_id":"www.icpa-gz.org.py\/DE?id=46760","global_id_lineage":["www.icpa-gz.org.py\/DE?id=46760"]}],"custom_fields":[],"json_ld":{"@context":"http:\/\/schema.org","@type":"Event","name":"Workshop f\u00fcr illustrierte Kinderb\u00fccher | Amel\u00ed Schneider 1\/4","description":"&lt;p&gt;Wir laden Sie zum Workshop \u201eIllustriertes Buch\u201d ein, der von Amel\u00ed Schneider geleitet wird. Es wird ein Ort sein, an&lt;\/p&gt;\\n","image":"https:\/\/www.icpa-gz.org.py\/DE\/wp-content\/uploads\/2026\/04\/Taller-Ameli-2.png","url":"https:\/\/www.icpa-gz.org.py\/DE\/evento\/workshop-fur-illustrierte-kinderbucher-ameli-schneider-1-4-3\/","eventAttendanceMode":"https:\/\/schema.org\/OfflineEventAttendanceMode","eventStatus":"https:\/\/schema.org\/EventScheduled","startDate":"2026-05-07T18:00:00-03:00","endDate":"2026-05-07T20:00:00-03:00","location":{"@type":"Place","name":"Bibliothek Ulrich Schmidl des Instituto Cultural Paraguayo-Alem\u00e1n &#8211; Goethe-Zentrum | ICPA-GZ","description":"","url":"","address":{"@type":"PostalAddress","streetAddress":"Juan de Salazar 310 c\/ Artigas","addressLocality":"Asunci\u00f3n","addressRegion":"Distrito Capital","addressCountry":"Paraguay"},"telephone":"+595 21 22 44 55","sameAs":"https:\/\/www.icpa-gz.org.py\/DE\/"},"organizer":{"@type":"Person","name":"Amel\u00ed Schneider","description":"","url":"https:\/\/www.instagram.com\/lei.editorial","telephone":"","email":"","sameAs":"https:\/\/www.instagram.com\/lei.editorial"},"offers":{"@type":"Offer","price":"350.000","priceCurrency":"PYG","url":"https:\/\/www.icpa-gz.org.py\/DE\/evento\/workshop-fur-illustrierte-kinderbucher-ameli-schneider-1-4-3\/","category":"primary","availability":"inStock","validFrom":"1970-01-01T00:00:00+00:00"},"performer":"Organization"}}